[{"@context":"https:\/\/schema.org\/","@type":"Blog","@id":"https:\/\/www.weidler.cz#Blog","headline":"Weidler","description":"\nI kdyby se va\u0161e situace zd\u00e1la b\u00fdt nezvl\u00e1dnutelnou, sta\u010d\u00ed zam\u00ed\u0159it na n\u00e1\u0161 web a ru\u010d\u00edme v\u00e1m za to, \u017ee se v\u00e1m maxim\u00e1ln\u011b vynasna\u017e\u00edme s va\u0161imi probl\u00e9my pomoci.","url":"https:\/\/www.weidler.cz","hasPart":[{"@type":"Article","@id":"https:\/\/www.weidler.cz\/uzijte-si-nevidany-zazitek\/","headline":"U\u017eijte si nev\u00eddan\u00fd z\u00e1\u017eitek","url":"https:\/\/www.weidler.cz\/uzijte-si-nevidany-zazitek\/","datePublished":"2025-08-23","dateModified":"2025-08-23","mainEntityOfPage":"https:\/\/www.weidler.cz\/uzijte-si-nevidany-zazitek\/","author":{"@type":"Person","@id":"https:\/\/www.weidler.cz\/author\/#Person","name":"","url":"https:\/\/www.weidler.cz\/author\/","identifier":1,"image":{"@type":"ImageObject","@id":"https:\/\/secure.gravatar.com\/avatar\/64d58fab86512053c8bb518a6563e7284bb4a3422dc9af0106c3f39575364c7b?s=96&d=mm&r=g","url":"https:\/\/secure.gravatar.com\/avatar\/64d58fab86512053c8bb518a6563e7284bb4a3422dc9af0106c3f39575364c7b?s=96&d=mm&r=g","height":96,"width":96}},"publisher":{"@type":"Organization","name":"weidler.cz","logo":{"@type":"ImageObject","@id":"\/logo.png","url":"\/logo.png","width":600,"height":60}},"image":null,"wordCount":275,"keywords":null},{"@type":"Article","@id":"https:\/\/www.weidler.cz\/mate-problem-s-vodou\/","headline":"M\u00e1te probl\u00e9m s vodou?","url":"https:\/\/www.weidler.cz\/mate-problem-s-vodou\/","datePublished":"2025-08-15","dateModified":"2025-08-15","mainEntityOfPage":"https:\/\/www.weidler.cz\/mate-problem-s-vodou\/","author":{"@type":"Person","@id":"https:\/\/www.weidler.cz\/author\/#Person","name":"","url":"https:\/\/www.weidler.cz\/author\/","identifier":1,"image":{"@type":"ImageObject","@id":"https:\/\/secure.gravatar.com\/avatar\/64d58fab86512053c8bb518a6563e7284bb4a3422dc9af0106c3f39575364c7b?s=96&d=mm&r=g","url":"https:\/\/secure.gravatar.com\/avatar\/64d58fab86512053c8bb518a6563e7284bb4a3422dc9af0106c3f39575364c7b?s=96&d=mm&r=g","height":96,"width":96}},"publisher":{"@type":"Organization","name":"weidler.cz","logo":{"@type":"ImageObject","@id":"\/logo.png","url":"\/logo.png","width":600,"height":60}},"image":null,"wordCount":206,"keywords":null},{"@type":"Article","@id":"https:\/\/www.weidler.cz\/co-vas-a-vasi-lasku-ceka-v-tomto-roce\/","headline":"Co V\u00e1s a Va\u0161i l\u00e1sku \u010dek\u00e1 v tomto roce","url":"https:\/\/www.weidler.cz\/co-vas-a-vasi-lasku-ceka-v-tomto-roce\/","datePublished":"2025-08-11","dateModified":"2025-08-11","mainEntityOfPage":"https:\/\/www.weidler.cz\/co-vas-a-vasi-lasku-ceka-v-tomto-roce\/","author":{"@type":"Person","@id":"https:\/\/www.weidler.cz\/author\/#Person","name":"","url":"https:\/\/www.weidler.cz\/author\/","identifier":1,"image":{"@type":"ImageObject","@id":"https:\/\/secure.gravatar.com\/avatar\/64d58fab86512053c8bb518a6563e7284bb4a3422dc9af0106c3f39575364c7b?s=96&d=mm&r=g","url":"https:\/\/secure.gravatar.com\/avatar\/64d58fab86512053c8bb518a6563e7284bb4a3422dc9af0106c3f39575364c7b?s=96&d=mm&r=g","height":96,"width":96}},"publisher":{"@type":"Organization","name":"weidler.cz","logo":{"@type":"ImageObject","@id":"\/logo.png","url":"\/logo.png","width":600,"height":60}},"image":null,"wordCount":232,"keywords":null},{"@type":"Article","@id":"https:\/\/www.weidler.cz\/prohlednete-si-vsechny-modely-podle-kategorii\/","headline":"Prohl\u00e9dn\u011bte si v\u0161echny modely podle kategori\u00ed","url":"https:\/\/www.weidler.cz\/prohlednete-si-vsechny-modely-podle-kategorii\/","datePublished":"2025-08-05","dateModified":"2025-08-05","mainEntityOfPage":"https:\/\/www.weidler.cz\/prohlednete-si-vsechny-modely-podle-kategorii\/","author":{"@type":"Person","@id":"https:\/\/www.weidler.cz\/author\/#Person","name":"","url":"https:\/\/www.weidler.cz\/author\/","identifier":1,"image":{"@type":"ImageObject","@id":"https:\/\/secure.gravatar.com\/avatar\/64d58fab86512053c8bb518a6563e7284bb4a3422dc9af0106c3f39575364c7b?s=96&d=mm&r=g","url":"https:\/\/secure.gravatar.com\/avatar\/64d58fab86512053c8bb518a6563e7284bb4a3422dc9af0106c3f39575364c7b?s=96&d=mm&r=g","height":96,"width":96}},"publisher":{"@type":"Organization","name":"weidler.cz","logo":{"@type":"ImageObject","@id":"\/logo.png","url":"\/logo.png","width":600,"height":60}},"image":null,"wordCount":207,"keywords":null},{"@type":"Article","@id":"https:\/\/www.weidler.cz\/reseni-pro-nepohodlny-odpad\/","headline":"\u0158e\u0161en\u00ed pro nepohodln\u00fd odpad","url":"https:\/\/www.weidler.cz\/reseni-pro-nepohodlny-odpad\/","datePublished":"2025-07-27","dateModified":"2025-07-27","mainEntityOfPage":"https:\/\/www.weidler.cz\/reseni-pro-nepohodlny-odpad\/","author":{"@type":"Person","@id":"https:\/\/www.weidler.cz\/author\/#Person","name":"","url":"https:\/\/www.weidler.cz\/author\/","identifier":1,"image":{"@type":"ImageObject","@id":"https:\/\/secure.gravatar.com\/avatar\/64d58fab86512053c8bb518a6563e7284bb4a3422dc9af0106c3f39575364c7b?s=96&d=mm&r=g","url":"https:\/\/secure.gravatar.com\/avatar\/64d58fab86512053c8bb518a6563e7284bb4a3422dc9af0106c3f39575364c7b?s=96&d=mm&r=g","height":96,"width":96}},"publisher":{"@type":"Organization","name":"weidler.cz","logo":{"@type":"ImageObject","@id":"\/logo.png","url":"\/logo.png","width":600,"height":60}},"image":null,"wordCount":205,"keywords":null},{"@type":"Article","@id":"https:\/\/www.weidler.cz\/zustante-na-delsi-dobu\/","headline":"Z\u016fsta\u0148te na del\u0161\u00ed dobu","url":"https:\/\/www.weidler.cz\/zustante-na-delsi-dobu\/","datePublished":"2025-07-21","dateModified":"2025-07-21","mainEntityOfPage":"https:\/\/www.weidler.cz\/zustante-na-delsi-dobu\/","author":{"@type":"Person","@id":"https:\/\/www.weidler.cz\/author\/#Person","name":"","url":"https:\/\/www.weidler.cz\/author\/","identifier":1,"image":{"@type":"ImageObject","@id":"https:\/\/secure.gravatar.com\/avatar\/64d58fab86512053c8bb518a6563e7284bb4a3422dc9af0106c3f39575364c7b?s=96&d=mm&r=g","url":"https:\/\/secure.gravatar.com\/avatar\/64d58fab86512053c8bb518a6563e7284bb4a3422dc9af0106c3f39575364c7b?s=96&d=mm&r=g","height":96,"width":96}},"publisher":{"@type":"Organization","name":"weidler.cz","logo":{"@type":"ImageObject","@id":"\/logo.png","url":"\/logo.png","width":600,"height":60}},"image":null,"wordCount":210,"keywords":null},{"@type":"Article","@id":"https:\/\/www.weidler.cz\/zlate-a-roztomile\/","headline":"Zlat\u00e9 a roztomil\u00e9","url":"https:\/\/www.weidler.cz\/zlate-a-roztomile\/","datePublished":"2025-07-15","dateModified":"2025-07-15","mainEntityOfPage":"https:\/\/www.weidler.cz\/zlate-a-roztomile\/","author":{"@type":"Person","@id":"https:\/\/www.weidler.cz\/author\/#Person","name":"","url":"https:\/\/www.weidler.cz\/author\/","identifier":1,"image":{"@type":"ImageObject","@id":"https:\/\/secure.gravatar.com\/avatar\/64d58fab86512053c8bb518a6563e7284bb4a3422dc9af0106c3f39575364c7b?s=96&d=mm&r=g","url":"https:\/\/secure.gravatar.com\/avatar\/64d58fab86512053c8bb518a6563e7284bb4a3422dc9af0106c3f39575364c7b?s=96&d=mm&r=g","height":96,"width":96}},"publisher":{"@type":"Organization","name":"weidler.cz","logo":{"@type":"ImageObject","@id":"\/logo.png","url":"\/logo.png","width":600,"height":60}},"image":null,"wordCount":209,"keywords":null},{"@type":"Article","@id":"https:\/\/www.weidler.cz\/cena-dentalni-hygieny-v-praze\/","headline":"Cena dent\u00e1ln\u00ed hygieny v Praze","url":"https:\/\/www.weidler.cz\/cena-dentalni-hygieny-v-praze\/","datePublished":"2025-07-11","dateModified":"2025-07-11","mainEntityOfPage":"https:\/\/www.weidler.cz\/cena-dentalni-hygieny-v-praze\/","author":{"@type":"Person","@id":"https:\/\/www.weidler.cz\/author\/#Person","name":"","url":"https:\/\/www.weidler.cz\/author\/","identifier":1,"image":{"@type":"ImageObject","@id":"https:\/\/secure.gravatar.com\/avatar\/64d58fab86512053c8bb518a6563e7284bb4a3422dc9af0106c3f39575364c7b?s=96&d=mm&r=g","url":"https:\/\/secure.gravatar.com\/avatar\/64d58fab86512053c8bb518a6563e7284bb4a3422dc9af0106c3f39575364c7b?s=96&d=mm&r=g","height":96,"width":96}},"publisher":{"@type":"Organization","name":"weidler.cz","logo":{"@type":"ImageObject","@id":"\/logo.png","url":"\/logo.png","width":600,"height":60}},"image":{"@type":"ImageObject","@id":"https:\/\/www.weidler.cz\/wp-content\/uploads\/toothbrush-3191097_640_10_4.jpg","url":"https:\/\/www.weidler.cz\/wp-content\/uploads\/toothbrush-3191097_640_10_4.jpg","height":0,"width":0},"wordCount":774,"keywords":null},{"@type":"Article","@id":"https:\/\/www.weidler.cz\/nove-vyuziti\/","headline":"Nov\u00e9 vyu\u017eit\u00ed","url":"https:\/\/www.weidler.cz\/nove-vyuziti\/","datePublished":"2025-07-08","dateModified":"2025-07-08","mainEntityOfPage":"https:\/\/www.weidler.cz\/nove-vyuziti\/","author":{"@type":"Person","@id":"https:\/\/www.weidler.cz\/author\/#Person","name":"","url":"https:\/\/www.weidler.cz\/author\/","identifier":1,"image":{"@type":"ImageObject","@id":"https:\/\/secure.gravatar.com\/avatar\/64d58fab86512053c8bb518a6563e7284bb4a3422dc9af0106c3f39575364c7b?s=96&d=mm&r=g","url":"https:\/\/secure.gravatar.com\/avatar\/64d58fab86512053c8bb518a6563e7284bb4a3422dc9af0106c3f39575364c7b?s=96&d=mm&r=g","height":96,"width":96}},"publisher":{"@type":"Organization","name":"weidler.cz","logo":{"@type":"ImageObject","@id":"\/logo.png","url":"\/logo.png","width":600,"height":60}},"image":null,"wordCount":202,"keywords":null},{"@type":"Article","@id":"https:\/\/www.weidler.cz\/vyuzijte-prijemnou-moznost\/","headline":"Vyu\u017eijte p\u0159\u00edjemnou mo\u017enost","url":"https:\/\/www.weidler.cz\/vyuzijte-prijemnou-moznost\/","datePublished":"2025-07-04","dateModified":"2025-07-04","mainEntityOfPage":"https:\/\/www.weidler.cz\/vyuzijte-prijemnou-moznost\/","author":{"@type":"Person","@id":"https:\/\/www.weidler.cz\/author\/#Person","name":"","url":"https:\/\/www.weidler.cz\/author\/","identifier":1,"image":{"@type":"ImageObject","@id":"https:\/\/secure.gravatar.com\/avatar\/64d58fab86512053c8bb518a6563e7284bb4a3422dc9af0106c3f39575364c7b?s=96&d=mm&r=g","url":"https:\/\/secure.gravatar.com\/avatar\/64d58fab86512053c8bb518a6563e7284bb4a3422dc9af0106c3f39575364c7b?s=96&d=mm&r=g","height":96,"width":96}},"publisher":{"@type":"Organization","name":"weidler.cz","logo":{"@type":"ImageObject","@id":"\/logo.png","url":"\/logo.png","width":600,"height":60}},"image":null,"wordCount":251,"keywords":null}]},{"@context":"https:\/\/schema.org","@type":"WebSite","@id":"https:\/\/www.weidler.cz\/#website","name":"Weidler","url":"https:\/\/www.weidler.cz","potentialAction":{"@type":"SearchAction","target":"https:\/\/www.weidler.cz\/?s={search_term_string}","query-input":"required name=search_term_string"}}]