[{"@context":"https:\/\/schema.org\/","@type":"Article","@id":"https:\/\/www.weidler.cz\/auto-na-vylet\/#Article","mainEntityOfPage":"https:\/\/www.weidler.cz\/auto-na-vylet\/","headline":"Auto na v\u00fdlet","name":"Auto na v\u00fdlet","description":"Ani nev\u00edte, jak moc m\u011b mrzelo a tak\u00e9 \u0161tvalo, \u017ee jsem si nemohla ud\u011blat \u0159idi\u010dsk\u00fd pr\u016fkaz. J\u00e1 jsem toti\u017e byla zdravotn\u011b nezp\u016fsobila, proto\u017ee j\u00e1 m\u00e1m&hellip;","datePublished":"2023-05-29","dateModified":"2023-06-29","author":{"@type":"Person","@id":"https:\/\/www.weidler.cz\/author\/#Person","name":"","url":"https:\/\/www.weidler.cz\/author\/","identifier":1,"image":{"@type":"ImageObject","@id":"https:\/\/secure.gravatar.com\/avatar\/64d58fab86512053c8bb518a6563e7284bb4a3422dc9af0106c3f39575364c7b?s=96&d=mm&r=g","url":"https:\/\/secure.gravatar.com\/avatar\/64d58fab86512053c8bb518a6563e7284bb4a3422dc9af0106c3f39575364c7b?s=96&d=mm&r=g","height":96,"width":96}},"publisher":{"@type":"Organization","name":"weidler.cz","logo":{"@type":"ImageObject","@id":"\/logo.png","url":"\/logo.png","width":600,"height":60}},"image":{"@type":"ImageObject","@id":"https:\/\/www.weidler.cz\/wp-content\/uploads\/highway-2679490_1280_1.jpg","url":"https:\/\/www.weidler.cz\/wp-content\/uploads\/highway-2679490_1280_1.jpg","height":0,"width":0},"url":"https:\/\/www.weidler.cz\/auto-na-vylet\/","about":["Byznys"],"wordCount":470,"articleBody":"   Ani nev\u00edte, jak moc m\u011b mrzelo a tak\u00e9 \u0161tvalo, \u017ee jsem si nemohla ud\u011blat \u0159idi\u010dsk\u00fd pr\u016fkaz. J\u00e1 jsem toti\u017e byla zdravotn\u011b nezp\u016fsobila, proto\u017ee j\u00e1 m\u00e1m opravdu \u0161patn\u00fd zrak. A j\u00e1 toti\u017e \u0161patn\u011b vid\u00edm do d\u00e1lky a tak\u00e9 na bl\u00edzko to nen\u00ed v\u016fbec \u017e\u00e1dn\u00e1 z\u00e1bava. Proto, kdy\u017e jsem chodila pravideln\u011b na o\u010dn\u00ed, tak mi to zak\u00e1zali. M\u011bla jsem neskute\u010dn\u00fd vztek! J\u00e1 chci \u0159\u00eddit automobil! I kdy\u017e jsem m\u011bla velice siln\u00e9 a kvalitn\u00ed a drah\u00e9 br\u00fdle, tak jsem stejn\u011b nikde nepochodila. A moje l\u00e9ka\u0159ka na o\u010dn\u00edm odd\u011blen\u00ed a tak\u00e9 m\u016fj praktick\u00fd l\u00e9ka\u0159 mi jednozna\u010dn\u011b \u0159ekli, \u017ee \u0159idi\u010dsk\u00fd pr\u016fkaz m\u00edt nikdy nebudu. Tak\u00e9 mi vadilo to, \u017ee tato o\u010dn\u00ed vada v\u016fbec ne\u0161la operovat. Ani nev\u00edte, jak moc m\u011b to mrzelo a jak jsem se st\u00e1le jenom vztekala, proto\u017ee jsem automobil jednodu\u0161e pot\u0159ebovala. Cht\u011bla jsem potom pracovat pro jednu spole\u010dnost, kter\u00e1 rozv\u00e1\u017e\u00ed bal\u00ed\u010dky a tak\u00e9 po\u0161tu. Tak\u017ee nakonec to dopadlo tak, \u017ee jsem to d\u011blat nemohla a musela jsi mi pracovat do obchodu, co\u017e jsem velice nesn\u00e1\u0161ela. Ale p\u0159ece jsem potom jednu v\u011bc na\u0161la, jak m\u016f\u017eu jezdit v aut\u011b. Sice ne jako \u0159idi\u010d, ale n\u011bco podobn\u00e9ho. A to je jedin\u00fd zp\u016fsob, jako nap\u0159\u00edklad p\u016fj\u010dovna aut. A proto\u017ee bydl\u00edm v Praze, tak jsem si obl\u00edbila opravdu jednu spole\u010dnost, kter\u00e1 p\u016fj\u010duje auta v Praze. A mus\u00edm uznat, \u017ee jsem byla naprosto nad\u0161en\u00e1. Tak\u00e9 to nen\u00ed nijak drah\u00e9. A kdy\u017e se pod\u00edv\u00e1te tak\u00e9 na webov\u00e9 str\u00e1nky autopujcovna-milan.cz, tak tam uvid\u00edte v\u00edce informac\u00ed o tom, pro\u010d si p\u016fj\u010dit zrovna auto od nich. M\u00e1te tady tak\u00e9 na v\u00fdb\u011br opravdu z mnoha typ\u016f a druh\u016f automobil\u016f, tak\u017ee si nemus\u00edte vyb\u00edrat jenom z jednoho anebo ze dvou typ\u016f automobil\u016f. J\u00e1 sama jsem si v\u017edycky p\u016fj\u010dovala n\u011bjak\u00e9 auto st\u0159edn\u00ed t\u0159\u00eddy. Nav\u00edc ale to tak\u00e9 dopadlo tak, \u017ee i kdy\u017e jsem ne\u0159\u00eddila a \u0159\u00eddil m\u016fj kamar\u00e1d, proto\u017ee on tak\u00e9 nem\u011bl automobil, ale mohl \u0159\u00eddit, tak jsme v\u017edycky jeli n\u011bkam na v\u00fdlet. I kdy\u017e jsem si \u0159\u00edkala, \u017ee v p\u016fj\u010dovn\u011b automobilu t\u0159eba ani nezjist\u00ed, \u017ee nem\u00e1m \u0159idi\u010dsk\u00fd pr\u016fkaz, tak to bohu\u017eel zjistili. J\u00e1 v\u00edm, byla jsem naivn\u00ed, ale i tak jsem r\u00e1da, \u017ee m\u011b ob\u010das kamar\u00e1d voz\u00ed p\u016fj\u010den\u00fdm automobilem. T\u0159eba jednoho dne bude m\u00edt v\u00edce pen\u011bz a tak\u00e9 si po\u0159\u00edd\u00ed vlastn\u00ed auto.                                                                                                                                                                                                                                                                                                                                                                                          4.5\/5 - (8 votes)        "},{"@context":"https:\/\/schema.org\/","@type":"BreadcrumbList","itemListElement":[{"@type":"ListItem","position":1,"name":"Auto na v\u00fdlet","item":"https:\/\/www.weidler.cz\/auto-na-vylet\/#breadcrumbitem"}]}]