[{"@context":"https:\/\/schema.org\/","@type":"Article","@id":"https:\/\/www.weidler.cz\/kdy-se-vyplati-v-mobilnim-dome-tepelne-cerpadlo\/#Article","mainEntityOfPage":"https:\/\/www.weidler.cz\/kdy-se-vyplati-v-mobilnim-dome-tepelne-cerpadlo\/","headline":"Kdy se vyplat\u00ed v mobiln\u00edm dom\u011b tepeln\u00e9 \u010derpadlo","name":"Kdy se vyplat\u00ed v mobiln\u00edm dom\u011b tepeln\u00e9 \u010derpadlo","description":"Chcete-li vyt\u00e1p\u011bt mobiln\u00ed d\u016fm, ur\u010den\u00fd pro celoro\u010dn\u00ed bydlen\u00ed, m\u00e1te n\u011bkolik mo\u017enost\u00ed. Z\u00e1m\u011brn\u011b z nich vybereme jen dv\u011b, kter\u00e9 jsou nejv\u00fdhodn\u011bj\u0161\u00ed z hlediska provozn\u00edch n\u00e1klad\u016f, a&hellip;","datePublished":"2022-06-30","dateModified":"2022-06-30","author":{"@type":"Person","@id":"https:\/\/www.weidler.cz\/author\/#Person","name":"","url":"https:\/\/www.weidler.cz\/author\/","identifier":1,"image":{"@type":"ImageObject","@id":"https:\/\/secure.gravatar.com\/avatar\/64d58fab86512053c8bb518a6563e7284bb4a3422dc9af0106c3f39575364c7b?s=96&d=mm&r=g","url":"https:\/\/secure.gravatar.com\/avatar\/64d58fab86512053c8bb518a6563e7284bb4a3422dc9af0106c3f39575364c7b?s=96&d=mm&r=g","height":96,"width":96}},"publisher":{"@type":"Organization","name":"weidler.cz","logo":{"@type":"ImageObject","@id":"\/logo.png","url":"\/logo.png","width":600,"height":60}},"image":{"@type":"ImageObject","@id":"https:\/\/www.weidler.cz\/wp-content\/uploads\/aggregates-1589262_640.jpg","url":"https:\/\/www.weidler.cz\/wp-content\/uploads\/aggregates-1589262_640.jpg","height":0,"width":0},"url":"https:\/\/www.weidler.cz\/kdy-se-vyplati-v-mobilnim-dome-tepelne-cerpadlo\/","about":["Zbo\u017e\u00ed"],"wordCount":431,"articleBody":"   Chcete-li vyt\u00e1p\u011bt mobiln\u00ed d\u016fm, ur\u010den\u00fd pro celoro\u010dn\u00ed bydlen\u00ed, m\u00e1te n\u011bkolik mo\u017enost\u00ed. Z\u00e1m\u011brn\u011b z nich vybereme jen dv\u011b, kter\u00e9 jsou nejv\u00fdhodn\u011bj\u0161\u00ed z hlediska provozn\u00edch n\u00e1klad\u016f, a sice topen\u00ed d\u0159evem v krbu \u010di krbov\u00fdch kamnech, a tepeln\u00e9 \u010derpadlo v Olomouci. Ostatn\u00ed topn\u00e9 syst\u00e9my, jako jsou elektrick\u00e9 p\u0159\u00edmotopy nebo plynov\u00fd kotel, vy\u0159azujeme ze hry ji\u017e na za\u010d\u00e1tku, vzhledem k finan\u010dn\u011b n\u00e1kladn\u00e9mu provozu.Kdy je v\u00fdhodn\u011bj\u0161\u00ed po\u0159\u00eddit tepeln\u00e9 \u010derpadlo a d\u00e1t mu p\u0159ednost p\u0159ed krbov\u00fdmi kamny?Nejste schopni zvl\u00e1dnout pr\u00e1ci s p\u0159\u00edpravou palivov\u00e9ho d\u0159evaCo naplat, i kdy\u017e v\u00e1m p\u0159ivezou palivov\u00e9 d\u0159evo ji\u017e na\u0159ezan\u00e9 a na\u0161t\u00edpan\u00e9, mus\u00edte jej n\u011bkam ulo\u017eit, mus\u00edte s n\u00edm v pr\u016fb\u011bhu zimy manipulovat, mus\u00edte s n\u00edm p\u0159it\u00e1p\u011bt, mus\u00edte tak\u00e9 nad t\u00edm p\u0159em\u00fd\u0161let, zda nen\u00ed zrovna nutn\u00e9 do krbu p\u0159ilo\u017eit, zda n\u00e1hodou ohe\u0148 nevyhasl atp. Z\u00e1rove\u0148 mus\u00edte n\u011bkam odn\u00e1\u0161et d\u0159evit\u00fd popel, a to v\u00e1m zabere jist\u00fd \u010das a sebere energii. Problematick\u00e9 to m\u016f\u017ee b\u00fdt nap\u0159\u00edklad v noci, kdy siln\u011b mrzne, a do r\u00e1na ohe\u0148 vyhasne, \u010d\u00edm\u017e se teplota v m\u00edstnosti sn\u00ed\u017e\u00ed t\u0159eba a\u017e na deset stup\u0148\u016f Celsia. Tehdy se vyplat\u00ed p\u0159em\u00fd\u0161let nad tepeln\u00fdm \u010derpadlem, proto\u017ee toto v\u0161e v jeho p\u0159\u00edpad\u011b odpad\u00e1.Jste pracovn\u011b p\u0159\u00edli\u0161 vyt\u00ed\u017eeniPokud nem\u00e1te v zim\u011b mnoho \u010dasu nazbyt, tr\u00e1v\u00edte spoustu hodin v zam\u011bstn\u00e1n\u00ed, anebo se i z jin\u00fdch d\u016fvod\u016f pohybujete mimo domov, mohlo by v\u00e1m vadit, kdybyste museli je\u0161t\u011b dal\u0161\u00ed hodinu nebo n\u011bkolik hodin vy\u0161et\u0159it na p\u0159\u00edpravu palivov\u00e9ho d\u0159eva a zat\u00e1p\u011bn\u00ed v krbu. Tepeln\u00e9 \u010derpadlo nevy\u017eaduje p\u0159i vyt\u00e1p\u011bn\u00ed v podstat\u011b t\u00e9m\u011b\u0159 \u017e\u00e1dnou va\u0161i aktivn\u00ed \u00fa\u010dast.Nevad\u00ed v\u00e1m vy\u0161\u0161\u00ed po\u0159izovac\u00ed n\u00e1kladyJednou z m\u00e1la nev\u00fdhod tepeln\u00fdch \u010derpadel je jejich po\u0159izovac\u00ed cena. Samotn\u00e9 n\u00e1klady na provoz jsou ov\u0161em pom\u011brn\u011b n\u00edzk\u00e9, uv\u00e1d\u00ed se, \u017ee a\u017e t\u0159i \u010dtvrtiny tepla jsou od\u010derp\u00e1ny z venkovn\u00edho prost\u0159ed\u00ed a pouh\u00e1 jedna \u010dtvrtina pod\u00edlu oh\u0159evu p\u0159i vyt\u00e1p\u011bn\u00ed p\u0159ipad\u00e1 na elektrickou energii ze s\u00edt\u011b, s t\u00edm, \u017ee lze vyu\u017e\u00edt v\u00fdhodn\u00e9 sazby tzv. \u201eno\u010dn\u00edho proudu\u201c.                                                                                                                                                                                                                                                                                                                                                                                          4.7\/5 - (3 votes)        "},{"@context":"https:\/\/schema.org\/","@type":"BreadcrumbList","itemListElement":[{"@type":"ListItem","position":1,"name":"Kdy se vyplat\u00ed v mobiln\u00edm dom\u011b tepeln\u00e9 \u010derpadlo","item":"https:\/\/www.weidler.cz\/kdy-se-vyplati-v-mobilnim-dome-tepelne-cerpadlo\/#breadcrumbitem"}]}]