[{"@context":"https:\/\/schema.org\/","@type":"Article","@id":"https:\/\/www.weidler.cz\/netrapte-sve-deti-dlouhym-cestovanim-na-dovolenou\/#Article","mainEntityOfPage":"https:\/\/www.weidler.cz\/netrapte-sve-deti-dlouhym-cestovanim-na-dovolenou\/","headline":"Netrapte sv\u00e9 d\u011bti dlouh\u00fdm cestov\u00e1n\u00edm na dovolenou","name":"Netrapte sv\u00e9 d\u011bti dlouh\u00fdm cestov\u00e1n\u00edm na dovolenou","description":"Na pr\u00e1zdniny se t\u011b\u0161\u00ed snad ka\u017ed\u00e9 d\u00edt\u011b, proto\u017ee si dob\u0159e uv\u011bdomuje, \u017ee nemus\u00ed r\u00e1no brzy vst\u00e1vat, nemus\u00ed se u\u010dit a vypracov\u00e1vat dom\u00e1c\u00ed \u00fakoly. M\u016f\u017ee si&hellip;","datePublished":"2023-05-23","dateModified":"2023-06-23","author":{"@type":"Person","@id":"https:\/\/www.weidler.cz\/author\/#Person","name":"","url":"https:\/\/www.weidler.cz\/author\/","identifier":1,"image":{"@type":"ImageObject","@id":"https:\/\/secure.gravatar.com\/avatar\/64d58fab86512053c8bb518a6563e7284bb4a3422dc9af0106c3f39575364c7b?s=96&d=mm&r=g","url":"https:\/\/secure.gravatar.com\/avatar\/64d58fab86512053c8bb518a6563e7284bb4a3422dc9af0106c3f39575364c7b?s=96&d=mm&r=g","height":96,"width":96}},"publisher":{"@type":"Organization","name":"weidler.cz","logo":{"@type":"ImageObject","@id":"\/logo.png","url":"\/logo.png","width":600,"height":60}},"image":{"@type":"ImageObject","@id":"https:\/\/www.weidler.cz\/wp-content\/uploads\/nikol-ves-TfqeqhQj9sQ-unsplash_1.jpg","url":"https:\/\/www.weidler.cz\/wp-content\/uploads\/nikol-ves-TfqeqhQj9sQ-unsplash_1.jpg","height":0,"width":0},"url":"https:\/\/www.weidler.cz\/netrapte-sve-deti-dlouhym-cestovanim-na-dovolenou\/","about":["Byznys"],"wordCount":434,"articleBody":"   Na pr\u00e1zdniny se t\u011b\u0161\u00ed snad ka\u017ed\u00e9 d\u00edt\u011b, proto\u017ee si dob\u0159e uv\u011bdomuje, \u017ee nemus\u00ed r\u00e1no brzy vst\u00e1vat, nemus\u00ed se u\u010dit a vypracov\u00e1vat dom\u00e1c\u00ed \u00fakoly. M\u016f\u017ee si kone\u010dn\u011b odpo\u010dinout od mnohdy stresuj\u00edc\u00edch situac\u00ed a m\u00edt kone\u010dn\u011b sv\u016fj klid. A zde b\u00fdv\u00e1 pom\u011brn\u011b \u010dasto v n\u011bkter\u00fdch rodin\u00e1ch probl\u00e9m \u2013 rodi\u010de rozhoduj\u00ed o tom, kam jejich d\u011bti vyslat na t\u00e1bor, anebo kam s nimi jet na dovolenou. Ne ka\u017ed\u00e1 ratolest je ale nad\u0161en\u00e1 z pobytu u mo\u0159e a z t\u00e9 dlouh\u00e9 cesty autem, n\u011bkter\u00fdm d\u011btem opravdu nevyhovuje n\u00e1ro\u010dn\u00e9 cestov\u00e1n\u00ed a nav\u00edc v hork\u00e9m slune\u010dn\u00e9m po\u010das\u00ed. Mnoh\u00e9 z nich uv\u00edtaj\u00ed sp\u00ed\u0161e tuzemsk\u00e9, klidn\u011bj\u0161\u00ed a hlavn\u011b chladn\u011bj\u0161\u00ed prost\u0159ed\u00ed, kde mohou venku sportovat a chodit na v\u00fdlety do p\u0159\u00edrody. Jedn\u00edm takov\u00fdm m\u00edstem, kde by se mohlo va\u0161im d\u011btem i v\u00e1m zal\u00edbit, je Hrub\u00fd Jesen\u00edk.Ubytov\u00e1n\u00ed Jesen\u00edky s d\u011btmi Apartm\u00e1ny Max v\u00e1m tu bude p\u0159ipadat p\u0159\u00edzniv\u00e9 pro relaxaci a odpo\u010dinek od n\u00e1ro\u010dn\u00e9ho pr\u016fb\u011bhu va\u0161\u00ed pracovn\u00ed aktivity a podobn\u011b to budou vn\u00edmat i va\u0161e d\u011bti. V letn\u00edm obdob\u00ed tu teploty st\u011b\u017e\u00ed p\u0159es\u00e1hnou tropickou t\u0159ic\u00edtku, a pokud ano, tak tu letn\u00ed vedra p\u0159ekon\u00e1te l\u00e9pe, nap\u0159\u00edklad ve st\u00ednu smrk\u016f, ne\u017e na sluncem rozp\u00e1len\u00e9 pl\u00e1\u017ei. V Jesen\u00edk\u00e1ch je mnoho mo\u017enost\u00ed k v\u00fdlet\u016fm, vhodn\u00fdm tipem je nap\u0159\u00edklad p\u011b\u0161\u00ed t\u00fara pod\u00e9l nau\u010dn\u00e9 stezky B\u00edl\u00e1 Opava od Karlovy Stud\u00e1nky k hotelu Figura a d\u00e1le pak k nejvy\u0161\u0161\u00ed ho\u0159e Moravy Prad\u011bd. Na Prad\u011bdu je k dispozici restaurace a rozhledna a v tomto prost\u0159ed\u00ed, pln\u00e9m energie z lesn\u00edho porostu, jist\u011b p\u0159ijdete na jin\u00e9 my\u0161lenky, v porovn\u00e1n\u00ed s p\u0159edchoz\u00edmi t\u00fddny a m\u011bs\u00edci.V Jesen\u00edk\u00e1ch v\u00e1m je\u0161t\u011b m\u016f\u017eeme doporu\u010dit nav\u0161t\u00edvit Re\u0161ovsk\u00e9 vodop\u00e1dy, \u010cervenohorsk\u00e9 sedlo, Ramzovou, p\u0159e\u010derp\u00e1vac\u00ed elektr\u00e1rnu Dlouh\u00e9 Str\u00e1n\u011b, L\u00e1zn\u011b Jesen\u00edk, m\u011bsto Zlat\u00e9 Hory a ra\u0161elini\u0161t\u011b Rejv\u00edz. Za slune\u010dn\u00e9ho po\u010das\u00ed jist\u011b nebudete litovat, \u017ee jste si zvolili pobyt pr\u00e1v\u011b zde, v poklidn\u00e9 krajin\u011b, kde stres b\u00fdv\u00e1 pro tamn\u00ed rekreanty zcela nezn\u00e1m\u00fdm pojmem.                                                                                                                                                                                                                                                                                                                                                                                          4.1\/5 - (9 votes)        "},{"@context":"https:\/\/schema.org\/","@type":"BreadcrumbList","itemListElement":[{"@type":"ListItem","position":1,"name":"Netrapte sv\u00e9 d\u011bti dlouh\u00fdm cestov\u00e1n\u00edm na dovolenou","item":"https:\/\/www.weidler.cz\/netrapte-sve-deti-dlouhym-cestovanim-na-dovolenou\/#breadcrumbitem"}]}]