[{"@context":"https:\/\/schema.org\/","@type":"Article","@id":"https:\/\/www.weidler.cz\/novy-dum-si-zaslouzi-nova-plastova-okna\/#Article","mainEntityOfPage":"https:\/\/www.weidler.cz\/novy-dum-si-zaslouzi-nova-plastova-okna\/","headline":"Nov\u00fd d\u016fm si zaslou\u017e\u00ed nov\u00e1 plastov\u00e1 okna","name":"Nov\u00fd d\u016fm si zaslou\u017e\u00ed nov\u00e1 plastov\u00e1 okna","description":"Mont\u00e1\u017e a prodej na\u0161ich plastov\u00fdch oken se odehr\u00e1v\u00e1 na vysok\u00e9 \u00farovni. Na z\u00e1kazn\u00edka se zam\u011b\u0159ujeme stejn\u011b tak kvalitou jako i cenovou dostupnost\u00ed. Jak\u00e9 jsou na\u0161e&hellip;","datePublished":"2025-01-12","dateModified":"2025-01-12","author":{"@type":"Person","@id":"https:\/\/www.weidler.cz\/author\/#Person","name":"","url":"https:\/\/www.weidler.cz\/author\/","identifier":1,"image":{"@type":"ImageObject","@id":"https:\/\/secure.gravatar.com\/avatar\/64d58fab86512053c8bb518a6563e7284bb4a3422dc9af0106c3f39575364c7b?s=96&d=mm&r=g","url":"https:\/\/secure.gravatar.com\/avatar\/64d58fab86512053c8bb518a6563e7284bb4a3422dc9af0106c3f39575364c7b?s=96&d=mm&r=g","height":96,"width":96}},"publisher":{"@type":"Organization","name":"weidler.cz","logo":{"@type":"ImageObject","@id":"\/logo.png","url":"\/logo.png","width":600,"height":60}},"url":"https:\/\/www.weidler.cz\/novy-dum-si-zaslouzi-nova-plastova-okna\/","wordCount":191,"articleBody":"Mont\u00e1\u017e a prodej na\u0161ich plastov\u00fdch oken se odehr\u00e1v\u00e1 na vysok\u00e9 \u00farovni. Na z\u00e1kazn\u00edka se zam\u011b\u0159ujeme stejn\u011b tak kvalitou jako i cenovou dostupnost\u00ed. Jak\u00e9 jsou na\u0161e p\u0159ednosti? Va\u0161e star\u00e1 okna zdarma demontujeme, odvezeme a dovezeme i zam\u011b\u0159\u00edme nov\u00e1, a to v p\u0159\u00edpad\u011b, \u017ee si u n\u00e1s objedn\u00e1te Plastov\u00e1 okna. Mont\u00e1\u017e plastov\u00fdch oken, demont\u00e1\u017e star\u00fdch oken i ve\u0161ker\u00e9 zednick\u00e9 pr\u00e1ce prov\u00e1d\u00edme s maxim\u00e1ln\u00ed ohleduplnost\u00ed. Na\u0161e plastov\u00e1 okna jsou standardn\u011b nab\u00edzena v tradi\u010dn\u00edch i m\u00e9n\u011b tradi\u010dn\u00edch tvarech i barv\u00e1ch nevy\u017eaduj\u00ed \u017e\u00e1dn\u00e9 dodate\u010dn\u00e9 n\u00e1t\u011bry, \u010d\u00edm\u017e \u0161et\u0159\u00ed dal\u0161\u00ed v\u00fddaje a dal\u0161\u00ed pr\u00e1ci. Trvale si udr\u017euj\u00ed atraktivn\u00ed a modern\u00ed vzhled a jsou nen\u00e1ro\u010dn\u00e9 na \u00fadr\u017ebu. Tak vypadaj\u00ed na\u0161e plastov\u00e1 okna, kter\u00e1 mohou b\u00fdt i va\u0161e. Kvalitn\u00ed plastov\u00e1 okna i jejich mont\u00e1\u017e pouze od n\u00e1s! Jak\u00e9koliv dotazy, n\u00e1vrhy, po\u017eadavky, t\u00fdkaj\u00edc\u00ed se plastov\u00fdch oken sm\u011b\u0159ujte pros\u00edm p\u0159es na\u0161e webov\u00e9 str\u00e1nky do s\u00eddla firmy.                                                                                                                                                                                                                                                                                                                                                                                        3\/5 - (2 votes)        "},{"@context":"https:\/\/schema.org\/","@type":"BreadcrumbList","itemListElement":[{"@type":"ListItem","position":1,"name":"Nov\u00fd d\u016fm si zaslou\u017e\u00ed nov\u00e1 plastov\u00e1 okna","item":"https:\/\/www.weidler.cz\/novy-dum-si-zaslouzi-nova-plastova-okna\/#breadcrumbitem"}]}]