[{"@context":"https:\/\/schema.org\/","@type":"Article","@id":"https:\/\/www.weidler.cz\/s-nami-si-prijdete-na-sve\/#Article","mainEntityOfPage":"https:\/\/www.weidler.cz\/s-nami-si-prijdete-na-sve\/","headline":"S n\u00e1mi si p\u0159ijdete na sv\u00e9","name":"S n\u00e1mi si p\u0159ijdete na sv\u00e9","description":"P\u0159em\u00fd\u0161l\u00edte nad t\u00edm, jak byste mohli roz\u0161\u00ed\u0159it pole sv\u00fdch z\u00e1kazn\u00edk\u016f? R\u00e1di byste zaujmuli nov\u00e9, ale nev\u00edte, jak byste k\u00a0n\u011b\u010demu takov\u00e9mu m\u011bli p\u0159istupovat? Tak to V\u00e1m&hellip;","datePublished":"2024-11-24","dateModified":"2024-11-24","author":{"@type":"Person","@id":"https:\/\/www.weidler.cz\/author\/#Person","name":"","url":"https:\/\/www.weidler.cz\/author\/","identifier":1,"image":{"@type":"ImageObject","@id":"https:\/\/secure.gravatar.com\/avatar\/64d58fab86512053c8bb518a6563e7284bb4a3422dc9af0106c3f39575364c7b?s=96&d=mm&r=g","url":"https:\/\/secure.gravatar.com\/avatar\/64d58fab86512053c8bb518a6563e7284bb4a3422dc9af0106c3f39575364c7b?s=96&d=mm&r=g","height":96,"width":96}},"publisher":{"@type":"Organization","name":"weidler.cz","logo":{"@type":"ImageObject","@id":"\/logo.png","url":"\/logo.png","width":600,"height":60}},"url":"https:\/\/www.weidler.cz\/s-nami-si-prijdete-na-sve\/","wordCount":253,"articleBody":"\tP\u0159em\u00fd\u0161l\u00edte nad t\u00edm, jak byste mohli roz\u0161\u00ed\u0159it pole sv\u00fdch z\u00e1kazn\u00edk\u016f? R\u00e1di byste zaujmuli nov\u00e9, ale nev\u00edte, jak byste k\u00a0n\u011b\u010demu takov\u00e9mu m\u011bli p\u0159istupovat? Tak to V\u00e1m moc r\u00e1di porad\u00edme a se v\u0161\u00edm V\u00e1m pom\u016f\u017eeme. Dejte na na\u0161e rady a vsa\u010fte na internet. Kdy\u017e n\u011bkdo n\u011bco v\u00a0dne\u0161n\u00ed dob\u011b hled\u00e1, pravd\u011bpodobn\u011b to bude hledat na internetu. Kdy\u017e tam budete k\u00a0nalezen\u00ed, bude mnohem v\u011bt\u0161\u00ed \u0161ance, \u017ee n\u011bkdo naraz\u00ed pr\u00e1v\u011b na Va\u0161i nab\u00eddku. Proto t\u00e9to mo\u017enosti vyu\u017eijte a za\u0159i\u010fte si takov\u00fd web, kter\u00fd bude zaj\u00edmav\u00fd, origin\u00e1ln\u00ed a bude vypadat opravdu dob\u0159e.\tMy V\u00e1m s\u00a0t\u00edm pom\u016f\u017eemePokud si ov\u0161em s\u00a0n\u011b\u010d\u00edm takov\u00fdm nev\u00edte rady, rozhodn\u011b nemus\u00edte zoufat, proto\u017ee my u\u017e se r\u00e1di o v\u0161echno postar\u00e1me a zajist\u00edme, abyste byli s\u00a0v\u00fdsledkem nadm\u00edru spokojeni. To je p\u0159eci jenom to, na \u010dem n\u00e1m velice z\u00e1le\u017e\u00ed. Tvorba webov\u00fdch str\u00e1nek Karlovy Vary je tu i pro V\u00e1s, proto vyu\u017eijte na\u0161ich slu\u017eeb a my u\u017e pro V\u00e1s vymysl\u00edme takov\u00e9 \u0159e\u0161en\u00ed, kter\u00e9 bude praktick\u00e9, spolehliv\u00e9 a origin\u00e1ln\u00ed, tomu v\u011b\u0159te. Bu\u010fte si tedy jist\u00ed t\u00edm, \u017ee neud\u011bl\u00e1te chybu, kdy\u017e se pr\u00e1v\u011b na n\u00e1s obr\u00e1t\u00edte.                                                                                                                                                                                                                                                                                                                                                                                        3\/5 - (2 votes)        "},{"@context":"https:\/\/schema.org\/","@type":"BreadcrumbList","itemListElement":[{"@type":"ListItem","position":1,"name":"S n\u00e1mi si p\u0159ijdete na sv\u00e9","item":"https:\/\/www.weidler.cz\/s-nami-si-prijdete-na-sve\/#breadcrumbitem"}]}]