[{"@context":"https:\/\/schema.org\/","@type":"Article","@id":"https:\/\/www.weidler.cz\/sidlo-firmy-v-ostrave-nejen-pro-opavaky\/#Article","mainEntityOfPage":"https:\/\/www.weidler.cz\/sidlo-firmy-v-ostrave-nejen-pro-opavaky\/","headline":"S\u00eddlo firmy v Ostrav\u011b (nejen) pro Opav\u00e1ky","name":"S\u00eddlo firmy v Ostrav\u011b (nejen) pro Opav\u00e1ky","description":"Bydl\u00edte v Opav\u011b nebo v bl\u00edzk\u00e9m okol\u00ed a v m\u00edstech, kde \u017eijete, v\u00e1s v\u011bt\u0161ina lid\u00ed dob\u0159e zn\u00e1? V jist\u00e9m slova smyslu je to v\u00fdhodn\u00e9, ale&hellip;","datePublished":"2024-10-13","dateModified":"2024-10-13","author":{"@type":"Person","@id":"https:\/\/www.weidler.cz\/author\/#Person","name":"","url":"https:\/\/www.weidler.cz\/author\/","identifier":1,"image":{"@type":"ImageObject","@id":"https:\/\/secure.gravatar.com\/avatar\/64d58fab86512053c8bb518a6563e7284bb4a3422dc9af0106c3f39575364c7b?s=96&d=mm&r=g","url":"https:\/\/secure.gravatar.com\/avatar\/64d58fab86512053c8bb518a6563e7284bb4a3422dc9af0106c3f39575364c7b?s=96&d=mm&r=g","height":96,"width":96}},"publisher":{"@type":"Organization","name":"weidler.cz","logo":{"@type":"ImageObject","@id":"\/logo.png","url":"\/logo.png","width":600,"height":60}},"image":{"@type":"ImageObject","@id":"https:\/\/www.weidler.cz\/wp-content\/uploads\/crossroad-2698607_640_1.jpg","url":"https:\/\/www.weidler.cz\/wp-content\/uploads\/crossroad-2698607_640_1.jpg","height":0,"width":0},"url":"https:\/\/www.weidler.cz\/sidlo-firmy-v-ostrave-nejen-pro-opavaky\/","about":["Byznys"],"wordCount":392,"articleBody":"       Bydl\u00edte v Opav\u011b nebo v bl\u00edzk\u00e9m okol\u00ed a v m\u00edstech, kde \u017eijete, v\u00e1s v\u011bt\u0161ina lid\u00ed dob\u0159e zn\u00e1? V jist\u00e9m slova smyslu je to v\u00fdhodn\u00e9, ale jakmile tu naraz\u00edte na z\u00e1vistiv\u00e9 jedince, mohou v\u00e1m ze \u017eivota vytvo\u0159it hotov\u00e9 peklo. Peklo je sice pouze pomysln\u00fd v\u00fdraz, ale znamen\u00e1 nep\u0159\u00edjemn\u00e9 pocity, a t\u011bm se zcela logicky sna\u017e\u00edme vyhnout. Nikdo netou\u017e\u00ed zcela z\u00e1m\u011brn\u011b neust\u00e1le pro\u017e\u00edvat hr\u016fzu a utrpen\u00ed, c\u00edlem lidsk\u00e9ho \u017eivota je naopak klid a pohoda, radost a \u0161t\u011bst\u00ed. Moud\u0159\u00ed lid\u00e9 vyu\u017e\u00edvaj\u00ed nep\u0159\u00edjemn\u00fdch pocit\u016f jako zku\u0161enosti k tomu, aby si sv\u016fj dal\u0161\u00ed \u017eivot zorganizovali l\u00e9pe, ne\u017e dosud, a tak jestli\u017ee vn\u00edmaj\u00ed, \u017ee by jim lidsk\u00e1 z\u00e1vist mohla ubl\u00ed\u017eit, sm\u011b\u0159uj\u00ed sv\u00e9 s\u00eddlo firmy do Ostravy.Ne\u017eli to riskovat v Opav\u011b nebo t\u0159eba v Hradci nad Moravic\u00ed, posunou firemn\u00ed s\u00eddlo o n\u011bjak\u00fdch t\u0159icet kilometr\u016f d\u00e1l na v\u00fdchod, kde maj\u00ed zaru\u010denou anonymitu, a kde nejsou jejich podnikatelsk\u00e9 aktivity p\u0159edm\u011btem z\u00e1jmu okoln\u00edch lid\u00ed. Tam, kde o v\u00e1s lid\u00e9 nic nev\u00ed, neexistuje k z\u00e1visti \u017e\u00e1dn\u00fd d\u016fvod. V\u00fdhodn\u00e9 je, pokud v\u00e1m s\u00eddlo firmy umo\u017e\u0148uje vyu\u017e\u00edvat i zasedac\u00ed m\u00edstnost. Zde se d\u00e1 pohodln\u011b vy\u0159izovat administrativn\u00ed agenda, jako jsou smluvn\u00ed ujedn\u00e1n\u00ed s obchodn\u00edmi partnery, \u0161kolen\u00ed zam\u011bstnanc\u016f \u010di firemn\u00ed prezentace, a v Ostrav\u011b je tak\u00e9 k dispozici \u0159ada podnik\u016f ve\u0159ejn\u00e9ho stravov\u00e1n\u00ed, kam m\u016f\u017eete zaj\u00edt s va\u0161imi p\u0159\u00e1teli na ob\u011bd \u010di na ve\u010de\u0159i, a dokon\u010dit tu va\u0161e z\u00e1m\u011bry a pl\u00e1ny. S\u00eddla firem ve velk\u00fdch m\u011bstech jsou v\u00fdhodn\u00e1 tak\u00e9 proto, \u017ee tu na v\u00e1s jen tak nenaraz\u00ed kontrola z finan\u010dn\u00edho \u00fa\u0159adu. Nap\u0159\u00edklad v Praze je pravd\u011bpodobnost nam\u00e1tkov\u00e9 kontroly tak mal\u00e1, \u017ee to vych\u00e1z\u00ed p\u0159ibli\u017en\u011b na jednu kontrolu za sto let. Ostrava je sice men\u0161\u00ed m\u011bsto, ale i tak bude celkem m\u00e1lo pravd\u011bpodobn\u00e9, \u017ee si pr\u00e1v\u011b v\u00e1s \u00fa\u0159edn\u00edci zvol\u00ed za vhodn\u00fd kontroln\u00ed subjekt. Toto je ale samoz\u0159ejm\u011b pouze statistick\u00fd odhad, neznamen\u00e1 to, abyste kontroln\u00ed mechanismus podce\u0148ovali.                                                                                                                                                                                                                                                                                                                                                                                          4.4\/5 - (8 votes)        "},{"@context":"https:\/\/schema.org\/","@type":"BreadcrumbList","itemListElement":[{"@type":"ListItem","position":1,"name":"S\u00eddlo firmy v Ostrav\u011b (nejen) pro Opav\u00e1ky","item":"https:\/\/www.weidler.cz\/sidlo-firmy-v-ostrave-nejen-pro-opavaky\/#breadcrumbitem"}]}]