[{"@context":"https:\/\/schema.org\/","@type":"Article","@id":"https:\/\/www.weidler.cz\/teply-material\/#Article","mainEntityOfPage":"https:\/\/www.weidler.cz\/teply-material\/","headline":"Tepl\u00fd materi\u00e1l","name":"Tepl\u00fd materi\u00e1l","description":"Tak\u00e9 si d\u00e1v\u00e1te z\u00e1le\u017eet na tom, jak\u00e9 m\u00e1te na sob\u011b materi\u00e1ly? Nebo jak je r\u016fzn\u00e9 oble\u010den\u00ed \u0161it\u00e9. J\u00e1 m\u00e1m r\u00e1da hlavn\u011b p\u0159\u00edrodn\u00ed materi\u00e1ly, jako je&hellip;","datePublished":"2024-12-23","dateModified":"2024-12-23","author":{"@type":"Person","@id":"https:\/\/www.weidler.cz\/author\/#Person","name":"","url":"https:\/\/www.weidler.cz\/author\/","identifier":1,"image":{"@type":"ImageObject","@id":"https:\/\/secure.gravatar.com\/avatar\/64d58fab86512053c8bb518a6563e7284bb4a3422dc9af0106c3f39575364c7b?s=96&d=mm&r=g","url":"https:\/\/secure.gravatar.com\/avatar\/64d58fab86512053c8bb518a6563e7284bb4a3422dc9af0106c3f39575364c7b?s=96&d=mm&r=g","height":96,"width":96}},"publisher":{"@type":"Organization","name":"weidler.cz","logo":{"@type":"ImageObject","@id":"\/logo.png","url":"\/logo.png","width":600,"height":60}},"image":{"@type":"ImageObject","@id":"https:\/\/www.weidler.cz\/wp-content\/uploads\/woven-fabric-483874_1280.jpg","url":"https:\/\/www.weidler.cz\/wp-content\/uploads\/woven-fabric-483874_1280.jpg","height":0,"width":0},"url":"https:\/\/www.weidler.cz\/teply-material\/","about":["Zbo\u017e\u00ed"],"wordCount":451,"articleBody":"      Tak\u00e9 si d\u00e1v\u00e1te z\u00e1le\u017eet na tom, jak\u00e9 m\u00e1te na sob\u011b materi\u00e1ly? Nebo jak je r\u016fzn\u00e9 oble\u010den\u00ed \u0161it\u00e9. J\u00e1 m\u00e1m r\u00e1da hlavn\u011b p\u0159\u00edrodn\u00ed materi\u00e1ly, jako je bavlna a len, jenom\u017ee pokud tak\u00e9 nos\u00edte \u010dasto a r\u00e1di, len tak v\u00edte, \u017ee len se opravdu hodn\u011b ma\u010dk\u00e1. A kdy\u017e je to potom oble\u010den\u00e9, tak to nevypad\u00e1 v\u016fbec dob\u0159e. Bavlnu m\u00e1m r\u00e1da. Ta se moc nema\u010dk\u00e1, ale kdy\u017e ji n\u011bkde vyt\u00e1hnete ze su\u0161i\u010dky, tak je to potom opravdu hodn\u011b zma\u010dkan\u00e9 a pot\u0159ebuje to \u017eehli\u010dku. Existuje ale tak\u00e9 velice kr\u00e1sn\u00fd a velmi p\u0159\u00edjemn\u00fd materi\u00e1l. Je to fleece. Fleece je opravdu kr\u00e1sn\u00fd p\u0159\u00edjemn\u00fd materi\u00e1l, kter\u00fd se hod\u00ed tak\u00e9 hlavn\u011b na zimu.B\u00fdvaj\u00ed z toho v\u011bt\u0161inou pod\u0161\u00edvky. A pokud t\u0159eba mal\u00fdm d\u011btem kupujete zimn\u00ed kombin\u00e9zy, tak jsou ve v\u011bt\u0161in\u011b p\u0159\u00edpad\u016f pod\u0161it\u00e9 pr\u00e1v\u011b fl\u00edsem. Proto\u017ee opravdu kr\u00e1sn\u011b h\u0159eje. Mysl\u00edm si, \u017ee ka\u017ed\u00fd rodi\u010d bude zn\u00e1t flees. Proto\u017ee pro mal\u00e9 d\u011bti je naprosto vhodn\u00fd. A j\u00e1 i kdy\u017e u\u017e jsem dosp\u011bl\u00e1, ale moc r\u00e1da b\u011bh\u00e1m, tak se tak\u00e9 kupuj\u00ed bundy z tohoto materi\u00e1lu. Jarn\u00ed bundy m\u00e1m z tohohle materi\u00e1lu. A m\u016fj partner, kter\u00fd pracuje rukama a pracuje hlavn\u011b venku, tak m\u00e1 tak\u00e9 fleecov\u00e9 mikiny a tak\u00e9 bundu nebo i \u010depici. Z tohoto materi\u00e1lu jde ud\u011blat opravdu t\u00e9m\u011b\u0159 cokoliv. Sta\u010d\u00ed si jenom vzpomenout, co byste pot\u0159ebovali, aby v\u00e1s zah\u0159\u00e1lo? Z tohoto materi\u00e1lu mohou b\u00fdt i pod\u0161\u00edvky, kter\u00e9 se d\u00e1vaj\u00ed do zimn\u00edch kalhot. Dokonce jsem vid\u011bla u\u017e z tohoto materi\u00e1lu mont\u00e9rky, kter\u00e9 jsou pr\u00e1v\u011b pod\u0161it\u00e9 touto velice p\u0159\u00edjemnou hladkou a h\u0159ejivou l\u00e1tkou. Ale tak\u00e9 je opravdu dokonal\u00e9 prody\u0161n\u00e1. Tak\u017ee se nemus\u00edte b\u00e1t, \u017ee byste se v tomhle materi\u00e1lu n\u011bjak potili. Nebo \u017ee by v\u00e1m to bylo n\u011bjak nep\u0159\u00edjemn\u00e9. Je to materi\u00e1l velice p\u0159\u00edjemn\u00fd, tak jsem si \u0159ekla, \u017ee kdyby z toho t\u0159eba bylo n\u011bjak\u00e9 prost\u011bradlo anebo klidn\u011b i povle\u010den\u00ed, \u017ee bych si to ur\u010dit\u011b po\u0159\u00eddila. J\u00e1 jsem toti\u017e zimom\u0159iv\u00e1. M\u00e1m r\u00e1da teplo, m\u016fj partner zase m\u00e1 r\u00e1d chlad. Tak\u017ee v\u017edy, kdy\u017e v lo\u017enici p\u0159etop\u00edm, tak partner v\u017edycky \u0159\u00edk\u00e1, \u017ee se tam snad udus\u00ed vedrem. A kdybych m\u011bla fleecov\u00e9 prost\u011bradlo, tak by se asi zbl\u00e1znil.                                                                                                                                                                                                                                                                                                                                                                                          4.2\/5 - (8 votes)        "},{"@context":"https:\/\/schema.org\/","@type":"BreadcrumbList","itemListElement":[{"@type":"ListItem","position":1,"name":"Tepl\u00fd materi\u00e1l","item":"https:\/\/www.weidler.cz\/teply-material\/#breadcrumbitem"}]}]