[{"@context":"https:\/\/schema.org\/","@type":"Article","@id":"https:\/\/www.weidler.cz\/tym\/#Article","mainEntityOfPage":"https:\/\/www.weidler.cz\/tym\/","headline":"T\u00fdm","name":"T\u00fdm","description":"Alena m\u011bla na starosti spolu se sv\u00fdm t\u00fdmem spr\u00e1vu SEO. P\u016fvodn\u011b s touto firmou spolupracovali jenom okrajov\u011b, d\u011blali pro n\u011b optimalizaci webu, ale kdy\u017e se&hellip;","datePublished":"2024-12-03","dateModified":"2024-12-03","author":{"@type":"Person","@id":"https:\/\/www.weidler.cz\/author\/#Person","name":"","url":"https:\/\/www.weidler.cz\/author\/","identifier":1,"image":{"@type":"ImageObject","@id":"https:\/\/secure.gravatar.com\/avatar\/64d58fab86512053c8bb518a6563e7284bb4a3422dc9af0106c3f39575364c7b?s=96&d=mm&r=g","url":"https:\/\/secure.gravatar.com\/avatar\/64d58fab86512053c8bb518a6563e7284bb4a3422dc9af0106c3f39575364c7b?s=96&d=mm&r=g","height":96,"width":96}},"publisher":{"@type":"Organization","name":"weidler.cz","logo":{"@type":"ImageObject","@id":"\/logo.png","url":"\/logo.png","width":600,"height":60}},"url":"https:\/\/www.weidler.cz\/tym\/","wordCount":177,"articleBody":"Alena m\u011bla na starosti spolu se sv\u00fdm t\u00fdmem spr\u00e1vu SEO. P\u016fvodn\u011b s touto firmou spolupracovali jenom okrajov\u011b, d\u011blali pro n\u011b optimalizaci webu, ale kdy\u017e se z jejich spole\u010dnosti stala nadn\u00e1rodn\u00ed firma, bylo jednodu\u0161\u0161\u00ed m\u00edt vlastn\u00ed t\u00fdm a nespol\u00e9hat se na nikoho zven\u010d\u00ed, a tak se soukrom\u00e1 firma stala sou\u010d\u00e1st\u00ed n\u011b\u010deho v\u011bt\u0161\u00edho. Bylo to sice omezen\u00ed suverenity jak pro Alenu, tak i pro jej\u00ed t\u00fdm, ale finan\u010dn\u011b si polep\u0161ili, a jak odhlasovala jejich spole\u010dnost, to pro n\u011b bylo d\u016fle\u017eit\u011bj\u0161\u00ed. Zm\u011bna re\u017eimu Ostatn\u011b, pracovat s n\u011bkolika firmami a nikdy nem\u00edt jistotu, nebo pracovat s jednou jedinou a v\u017edycky v\u011bd\u011bt, \u017ee je to spr\u00e1vn\u011b, je asi v\u00fdhodn\u011bj\u0161\u00ed. Tak\u017ee se jejich odd\u011blen\u00ed p\u0159estav\u011blo a trochu p\u0159em\u011bnilo, ale obsada z\u016fstala v\u00edcem\u00e9n\u011b stejn\u00e1, jenom p\u0159ibylo p\u00e1r nov\u00fdch internist\u016f z m\u00edstn\u00ed univerzity. To se dalo vydr\u017eet.                                                                                                                                                                                                                                                                                                                                                                                        2.3\/5 - (3 votes)        "},{"@context":"https:\/\/schema.org\/","@type":"BreadcrumbList","itemListElement":[{"@type":"ListItem","position":1,"name":"T\u00fdm","item":"https:\/\/www.weidler.cz\/tym\/#breadcrumbitem"}]}]